{"id":332,"date":"2025-04-13T13:30:04","date_gmt":"2025-04-13T13:30:04","guid":{"rendered":"https:\/\/gmicheli.com\/?p=332"},"modified":"2025-04-13T13:41:20","modified_gmt":"2025-04-13T13:41:20","slug":"nueva-york-honra-a-victimas-del-derrumbe-en-discoteca-jet-set-de-santo-domingo","status":"publish","type":"post","link":"https:\/\/gmicheli.com\/index.php\/2025\/04\/13\/nueva-york-honra-a-victimas-del-derrumbe-en-discoteca-jet-set-de-santo-domingo\/","title":{"rendered":"Nueva York honra a v\u00edctimas del derrumbe en discoteca Jet Set de Santo Domingo"},"content":{"rendered":"\n<p>El alcalde de Nueva York, Eric Adams, orden\u00f3 izar las banderas a media asta en todos los edificios municipales como muestra de respeto hacia las v\u00edctimas del derrumbe ocurrido el pasado 8 de abril en la emblem\u00e1tica discoteca Jet Set. Este gesto busca acompa\u00f1ar el dolor de las familias afectadas, muchas de las cuales residen en barrios como el Alto Manhattan, conocido por su alta concentraci\u00f3n de dominicanos. \u200b<\/p>\n\n\n\n<p>Adams, junto al comisionado de Transporte de la ciudad, Ydanis Rodr\u00edguez, de origen dominicano, tiene previsto viajar a Rep\u00fablica Dominicana para expresar personalmente sus condolencias a los familiares de las v\u00edctimas.\u200b<\/p>\n\n\n\n<h3 class=\"wp-block-heading\">Una tragedia que sacude corazones<\/h3>\n\n\n\n<p>El colapso del techo de la discoteca Jet Set durante una presentaci\u00f3n del merenguero Rubby P\u00e9rez dej\u00f3 un saldo de 226 fallecidos y m\u00e1s de 200 heridos. Entre las v\u00edctimas se encuentran figuras destacadas como el propio Rubby P\u00e9rez, los exjugadores de b\u00e9isbol Octavio Dotel y Tony Blanco, y la gobernadora de Montecristi, Nelsy Cruz.<\/p>\n\n\n\n<p>Las autoridades dominicanas han iniciado una investigaci\u00f3n para determinar las causas del derrumbe, mientras la naci\u00f3n se encuentra en un per\u00edodo de luto nacional.<\/p>\n","protected":false},"excerpt":{"rendered":"<p>El alcalde de Nueva York, Eric Adams, orden\u00f3 izar las banderas a media asta en todos los edificios municipales como muestra de respeto hacia las<a href=\"https:\/\/gmicheli.com\/index.php\/2025\/04\/13\/nueva-york-honra-a-victimas-del-derrumbe-en-discoteca-jet-set-de-santo-domingo\/\" class=\"more-link\">View More<\/a><\/p>\n","protected":false},"author":1,"featured_media":334,"comment_status":"open","ping_status":"open","sticky":false,"template":"","format":"standard","meta":{"footnotes":""},"categories":[1],"tags":[24,17,18,16,21,23,19,22],"class_list":["post-332","post","type-post","status-publish","format-standard","has-post-thumbnail","hentry","category-republica-dominicana","tag-alto-manhattan","tag-eric-adams","tag-jet-set","tag-nueva-york","tag-octavio-dotel","tag-rubby-perez","tag-santo-domingo","tag-tony-blanco"],"yoast_head":"<!-- This site is optimized with the Yoast SEO plugin v24.8.1 - https:\/\/yoast.com\/wordpress\/plugins\/seo\/ -->\n<title>Nueva York honra a v\u00edctimas del derrumbe en discoteca Jet Set de Santo Domingo - Grupo Micheli<\/title>\n<meta name=\"robots\" content=\"index, follow, max-snippet:-1, max-image-preview:large, max-video-preview:-1\" \/>\n<link rel=\"canonical\" href=\"https:\/\/gmicheli.com\/index.php\/2025\/04\/13\/nueva-york-honra-a-victimas-del-derrumbe-en-discoteca-jet-set-de-santo-domingo\/\" \/>\n<meta property=\"og:locale\" content=\"en_US\" \/>\n<meta property=\"og:type\" content=\"article\" \/>\n<meta property=\"og:title\" content=\"Nueva York honra a v\u00edctimas del derrumbe en discoteca Jet Set de Santo Domingo - Grupo Micheli\" \/>\n<meta property=\"og:description\" content=\"El alcalde de Nueva York, Eric Adams, orden\u00f3 izar las banderas a media asta en todos los edificios municipales como muestra de respeto hacia lasView More\" \/>\n<meta property=\"og:url\" content=\"https:\/\/gmicheli.com\/index.php\/2025\/04\/13\/nueva-york-honra-a-victimas-del-derrumbe-en-discoteca-jet-set-de-santo-domingo\/\" \/>\n<meta property=\"og:site_name\" content=\"Grupo Micheli\" \/>\n<meta property=\"article:published_time\" content=\"2025-04-13T13:30:04+00:00\" \/>\n<meta property=\"article:modified_time\" content=\"2025-04-13T13:41:20+00:00\" \/>\n<meta property=\"og:image\" content=\"https:\/\/gmicheli.com\/wp-content\/uploads\/2025\/04\/media-asta-ny-scaled.jpg\" \/>\n\t<meta property=\"og:image:width\" content=\"2560\" \/>\n\t<meta property=\"og:image:height\" content=\"1707\" \/>\n\t<meta property=\"og:image:type\" content=\"image\/jpeg\" \/>\n<meta name=\"author\" content=\"Grupo Micheli\" \/>\n<meta name=\"twitter:card\" content=\"summary_large_image\" \/>\n<meta name=\"twitter:label1\" content=\"Written by\" \/>\n\t<meta name=\"twitter:data1\" content=\"Grupo Micheli\" \/>\n\t<meta name=\"twitter:label2\" content=\"Est. reading time\" \/>\n\t<meta name=\"twitter:data2\" content=\"1 minute\" \/>\n<script type=\"application\/ld+json\" class=\"yoast-schema-graph\">{\"@context\":\"https:\/\/schema.org\",\"@graph\":[{\"@type\":\"Article\",\"@id\":\"https:\/\/gmicheli.com\/index.php\/2025\/04\/13\/nueva-york-honra-a-victimas-del-derrumbe-en-discoteca-jet-set-de-santo-domingo\/#article\",\"isPartOf\":{\"@id\":\"https:\/\/gmicheli.com\/index.php\/2025\/04\/13\/nueva-york-honra-a-victimas-del-derrumbe-en-discoteca-jet-set-de-santo-domingo\/\"},\"author\":{\"name\":\"Grupo Micheli\",\"@id\":\"http:\/\/gmicheli.com\/#\/schema\/person\/1daf597b411e9ca2fa1b41be90a98c52\"},\"headline\":\"Nueva York honra a v\u00edctimas del derrumbe en discoteca Jet Set de Santo Domingo\",\"datePublished\":\"2025-04-13T13:30:04+00:00\",\"dateModified\":\"2025-04-13T13:41:20+00:00\",\"mainEntityOfPage\":{\"@id\":\"https:\/\/gmicheli.com\/index.php\/2025\/04\/13\/nueva-york-honra-a-victimas-del-derrumbe-en-discoteca-jet-set-de-santo-domingo\/\"},\"wordCount\":211,\"commentCount\":0,\"publisher\":{\"@id\":\"http:\/\/gmicheli.com\/#organization\"},\"image\":{\"@id\":\"https:\/\/gmicheli.com\/index.php\/2025\/04\/13\/nueva-york-honra-a-victimas-del-derrumbe-en-discoteca-jet-set-de-santo-domingo\/#primaryimage\"},\"thumbnailUrl\":\"https:\/\/gmicheli.com\/wp-content\/uploads\/2025\/04\/media-asta-ny-scaled.jpg\",\"keywords\":[\"Alto Manhattan\",\"Eric Adams\",\"Jet Set\",\"Nueva York\",\"Octavio Dotel\",\"Rubby P\u00e9rez\",\"Santo Domingo\",\"Tony Blanco\"],\"articleSection\":[\"Rep\u00fablica Dominicana\"],\"inLanguage\":\"en-US\",\"potentialAction\":[{\"@type\":\"CommentAction\",\"name\":\"Comment\",\"target\":[\"https:\/\/gmicheli.com\/index.php\/2025\/04\/13\/nueva-york-honra-a-victimas-del-derrumbe-en-discoteca-jet-set-de-santo-domingo\/#respond\"]}]},{\"@type\":\"WebPage\",\"@id\":\"https:\/\/gmicheli.com\/index.php\/2025\/04\/13\/nueva-york-honra-a-victimas-del-derrumbe-en-discoteca-jet-set-de-santo-domingo\/\",\"url\":\"https:\/\/gmicheli.com\/index.php\/2025\/04\/13\/nueva-york-honra-a-victimas-del-derrumbe-en-discoteca-jet-set-de-santo-domingo\/\",\"name\":\"Nueva York honra a v\u00edctimas del derrumbe en discoteca Jet Set de Santo Domingo - Grupo Micheli\",\"isPartOf\":{\"@id\":\"http:\/\/gmicheli.com\/#website\"},\"primaryImageOfPage\":{\"@id\":\"https:\/\/gmicheli.com\/index.php\/2025\/04\/13\/nueva-york-honra-a-victimas-del-derrumbe-en-discoteca-jet-set-de-santo-domingo\/#primaryimage\"},\"image\":{\"@id\":\"https:\/\/gmicheli.com\/index.php\/2025\/04\/13\/nueva-york-honra-a-victimas-del-derrumbe-en-discoteca-jet-set-de-santo-domingo\/#primaryimage\"},\"thumbnailUrl\":\"https:\/\/gmicheli.com\/wp-content\/uploads\/2025\/04\/media-asta-ny-scaled.jpg\",\"datePublished\":\"2025-04-13T13:30:04+00:00\",\"dateModified\":\"2025-04-13T13:41:20+00:00\",\"breadcrumb\":{\"@id\":\"https:\/\/gmicheli.com\/index.php\/2025\/04\/13\/nueva-york-honra-a-victimas-del-derrumbe-en-discoteca-jet-set-de-santo-domingo\/#breadcrumb\"},\"inLanguage\":\"en-US\",\"potentialAction\":[{\"@type\":\"ReadAction\",\"target\":[\"https:\/\/gmicheli.com\/index.php\/2025\/04\/13\/nueva-york-honra-a-victimas-del-derrumbe-en-discoteca-jet-set-de-santo-domingo\/\"]}]},{\"@type\":\"ImageObject\",\"inLanguage\":\"en-US\",\"@id\":\"https:\/\/gmicheli.com\/index.php\/2025\/04\/13\/nueva-york-honra-a-victimas-del-derrumbe-en-discoteca-jet-set-de-santo-domingo\/#primaryimage\",\"url\":\"https:\/\/gmicheli.com\/wp-content\/uploads\/2025\/04\/media-asta-ny-scaled.jpg\",\"contentUrl\":\"https:\/\/gmicheli.com\/wp-content\/uploads\/2025\/04\/media-asta-ny-scaled.jpg\",\"width\":2560,\"height\":1707,\"caption\":\"El Ayuntamiento de Nueva York muestra banderas a media asta en se\u00f1al de luto, bajo un cielo despejado.\"},{\"@type\":\"BreadcrumbList\",\"@id\":\"https:\/\/gmicheli.com\/index.php\/2025\/04\/13\/nueva-york-honra-a-victimas-del-derrumbe-en-discoteca-jet-set-de-santo-domingo\/#breadcrumb\",\"itemListElement\":[{\"@type\":\"ListItem\",\"position\":1,\"name\":\"Home\",\"item\":\"http:\/\/gmicheli.com\/\"},{\"@type\":\"ListItem\",\"position\":2,\"name\":\"Nueva York honra a v\u00edctimas del derrumbe en discoteca Jet Set de Santo Domingo\"}]},{\"@type\":\"WebSite\",\"@id\":\"http:\/\/gmicheli.com\/#website\",\"url\":\"http:\/\/gmicheli.com\/\",\"name\":\"Grupo Micheli\",\"description\":\"La Romana, Rep\u00fablica Dominicana\",\"publisher\":{\"@id\":\"http:\/\/gmicheli.com\/#organization\"},\"potentialAction\":[{\"@type\":\"SearchAction\",\"target\":{\"@type\":\"EntryPoint\",\"urlTemplate\":\"http:\/\/gmicheli.com\/?s={search_term_string}\"},\"query-input\":{\"@type\":\"PropertyValueSpecification\",\"valueRequired\":true,\"valueName\":\"search_term_string\"}}],\"inLanguage\":\"en-US\"},{\"@type\":\"Organization\",\"@id\":\"http:\/\/gmicheli.com\/#organization\",\"name\":\"Grupo Micheli\",\"url\":\"http:\/\/gmicheli.com\/\",\"logo\":{\"@type\":\"ImageObject\",\"inLanguage\":\"en-US\",\"@id\":\"http:\/\/gmicheli.com\/#\/schema\/logo\/image\/\",\"url\":\"\",\"contentUrl\":\"\",\"caption\":\"Grupo Micheli\"},\"image\":{\"@id\":\"http:\/\/gmicheli.com\/#\/schema\/logo\/image\/\"}},{\"@type\":\"Person\",\"@id\":\"http:\/\/gmicheli.com\/#\/schema\/person\/1daf597b411e9ca2fa1b41be90a98c52\",\"name\":\"Grupo Micheli\",\"image\":{\"@type\":\"ImageObject\",\"inLanguage\":\"en-US\",\"@id\":\"http:\/\/gmicheli.com\/#\/schema\/person\/image\/\",\"url\":\"https:\/\/secure.gravatar.com\/avatar\/fba0aeebef01cb7dfa36272cdea80534?s=96&d=mm&r=g\",\"contentUrl\":\"https:\/\/secure.gravatar.com\/avatar\/fba0aeebef01cb7dfa36272cdea80534?s=96&d=mm&r=g\",\"caption\":\"Grupo Micheli\"},\"sameAs\":[\"http:\/\/gmicheli.com\"],\"url\":\"https:\/\/gmicheli.com\/index.php\/author\/gmicheli-ariskelvyn\/\"}]}<\/script>\n<!-- \/ Yoast SEO plugin. -->","yoast_head_json":{"title":"Nueva York honra a v\u00edctimas del derrumbe en discoteca Jet Set de Santo Domingo - Grupo Micheli","robots":{"index":"index","follow":"follow","max-snippet":"max-snippet:-1","max-image-preview":"max-image-preview:large","max-video-preview":"max-video-preview:-1"},"canonical":"https:\/\/gmicheli.com\/index.php\/2025\/04\/13\/nueva-york-honra-a-victimas-del-derrumbe-en-discoteca-jet-set-de-santo-domingo\/","og_locale":"en_US","og_type":"article","og_title":"Nueva York honra a v\u00edctimas del derrumbe en discoteca Jet Set de Santo Domingo - Grupo Micheli","og_description":"El alcalde de Nueva York, Eric Adams, orden\u00f3 izar las banderas a media asta en todos los edificios municipales como muestra de respeto hacia lasView More","og_url":"https:\/\/gmicheli.com\/index.php\/2025\/04\/13\/nueva-york-honra-a-victimas-del-derrumbe-en-discoteca-jet-set-de-santo-domingo\/","og_site_name":"Grupo Micheli","article_published_time":"2025-04-13T13:30:04+00:00","article_modified_time":"2025-04-13T13:41:20+00:00","og_image":[{"width":2560,"height":1707,"url":"https:\/\/gmicheli.com\/wp-content\/uploads\/2025\/04\/media-asta-ny-scaled.jpg","type":"image\/jpeg"}],"author":"Grupo Micheli","twitter_card":"summary_large_image","twitter_misc":{"Written by":"Grupo Micheli","Est. reading time":"1 minute"},"schema":{"@context":"https:\/\/schema.org","@graph":[{"@type":"Article","@id":"https:\/\/gmicheli.com\/index.php\/2025\/04\/13\/nueva-york-honra-a-victimas-del-derrumbe-en-discoteca-jet-set-de-santo-domingo\/#article","isPartOf":{"@id":"https:\/\/gmicheli.com\/index.php\/2025\/04\/13\/nueva-york-honra-a-victimas-del-derrumbe-en-discoteca-jet-set-de-santo-domingo\/"},"author":{"name":"Grupo Micheli","@id":"http:\/\/gmicheli.com\/#\/schema\/person\/1daf597b411e9ca2fa1b41be90a98c52"},"headline":"Nueva York honra a v\u00edctimas del derrumbe en discoteca Jet Set de Santo Domingo","datePublished":"2025-04-13T13:30:04+00:00","dateModified":"2025-04-13T13:41:20+00:00","mainEntityOfPage":{"@id":"https:\/\/gmicheli.com\/index.php\/2025\/04\/13\/nueva-york-honra-a-victimas-del-derrumbe-en-discoteca-jet-set-de-santo-domingo\/"},"wordCount":211,"commentCount":0,"publisher":{"@id":"http:\/\/gmicheli.com\/#organization"},"image":{"@id":"https:\/\/gmicheli.com\/index.php\/2025\/04\/13\/nueva-york-honra-a-victimas-del-derrumbe-en-discoteca-jet-set-de-santo-domingo\/#primaryimage"},"thumbnailUrl":"https:\/\/gmicheli.com\/wp-content\/uploads\/2025\/04\/media-asta-ny-scaled.jpg","keywords":["Alto Manhattan","Eric Adams","Jet Set","Nueva York","Octavio Dotel","Rubby P\u00e9rez","Santo Domingo","Tony Blanco"],"articleSection":["Rep\u00fablica Dominicana"],"inLanguage":"en-US","potentialAction":[{"@type":"CommentAction","name":"Comment","target":["https:\/\/gmicheli.com\/index.php\/2025\/04\/13\/nueva-york-honra-a-victimas-del-derrumbe-en-discoteca-jet-set-de-santo-domingo\/#respond"]}]},{"@type":"WebPage","@id":"https:\/\/gmicheli.com\/index.php\/2025\/04\/13\/nueva-york-honra-a-victimas-del-derrumbe-en-discoteca-jet-set-de-santo-domingo\/","url":"https:\/\/gmicheli.com\/index.php\/2025\/04\/13\/nueva-york-honra-a-victimas-del-derrumbe-en-discoteca-jet-set-de-santo-domingo\/","name":"Nueva York honra a v\u00edctimas del derrumbe en discoteca Jet Set de Santo Domingo - Grupo Micheli","isPartOf":{"@id":"http:\/\/gmicheli.com\/#website"},"primaryImageOfPage":{"@id":"https:\/\/gmicheli.com\/index.php\/2025\/04\/13\/nueva-york-honra-a-victimas-del-derrumbe-en-discoteca-jet-set-de-santo-domingo\/#primaryimage"},"image":{"@id":"https:\/\/gmicheli.com\/index.php\/2025\/04\/13\/nueva-york-honra-a-victimas-del-derrumbe-en-discoteca-jet-set-de-santo-domingo\/#primaryimage"},"thumbnailUrl":"https:\/\/gmicheli.com\/wp-content\/uploads\/2025\/04\/media-asta-ny-scaled.jpg","datePublished":"2025-04-13T13:30:04+00:00","dateModified":"2025-04-13T13:41:20+00:00","breadcrumb":{"@id":"https:\/\/gmicheli.com\/index.php\/2025\/04\/13\/nueva-york-honra-a-victimas-del-derrumbe-en-discoteca-jet-set-de-santo-domingo\/#breadcrumb"},"inLanguage":"en-US","potentialAction":[{"@type":"ReadAction","target":["https:\/\/gmicheli.com\/index.php\/2025\/04\/13\/nueva-york-honra-a-victimas-del-derrumbe-en-discoteca-jet-set-de-santo-domingo\/"]}]},{"@type":"ImageObject","inLanguage":"en-US","@id":"https:\/\/gmicheli.com\/index.php\/2025\/04\/13\/nueva-york-honra-a-victimas-del-derrumbe-en-discoteca-jet-set-de-santo-domingo\/#primaryimage","url":"https:\/\/gmicheli.com\/wp-content\/uploads\/2025\/04\/media-asta-ny-scaled.jpg","contentUrl":"https:\/\/gmicheli.com\/wp-content\/uploads\/2025\/04\/media-asta-ny-scaled.jpg","width":2560,"height":1707,"caption":"El Ayuntamiento de Nueva York muestra banderas a media asta en se\u00f1al de luto, bajo un cielo despejado."},{"@type":"BreadcrumbList","@id":"https:\/\/gmicheli.com\/index.php\/2025\/04\/13\/nueva-york-honra-a-victimas-del-derrumbe-en-discoteca-jet-set-de-santo-domingo\/#breadcrumb","itemListElement":[{"@type":"ListItem","position":1,"name":"Home","item":"http:\/\/gmicheli.com\/"},{"@type":"ListItem","position":2,"name":"Nueva York honra a v\u00edctimas del derrumbe en discoteca Jet Set de Santo Domingo"}]},{"@type":"WebSite","@id":"http:\/\/gmicheli.com\/#website","url":"http:\/\/gmicheli.com\/","name":"Grupo Micheli","description":"La Romana, Rep\u00fablica Dominicana","publisher":{"@id":"http:\/\/gmicheli.com\/#organization"},"potentialAction":[{"@type":"SearchAction","target":{"@type":"EntryPoint","urlTemplate":"http:\/\/gmicheli.com\/?s={search_term_string}"},"query-input":{"@type":"PropertyValueSpecification","valueRequired":true,"valueName":"search_term_string"}}],"inLanguage":"en-US"},{"@type":"Organization","@id":"http:\/\/gmicheli.com\/#organization","name":"Grupo Micheli","url":"http:\/\/gmicheli.com\/","logo":{"@type":"ImageObject","inLanguage":"en-US","@id":"http:\/\/gmicheli.com\/#\/schema\/logo\/image\/","url":"","contentUrl":"","caption":"Grupo Micheli"},"image":{"@id":"http:\/\/gmicheli.com\/#\/schema\/logo\/image\/"}},{"@type":"Person","@id":"http:\/\/gmicheli.com\/#\/schema\/person\/1daf597b411e9ca2fa1b41be90a98c52","name":"Grupo Micheli","image":{"@type":"ImageObject","inLanguage":"en-US","@id":"http:\/\/gmicheli.com\/#\/schema\/person\/image\/","url":"https:\/\/secure.gravatar.com\/avatar\/fba0aeebef01cb7dfa36272cdea80534?s=96&d=mm&r=g","contentUrl":"https:\/\/secure.gravatar.com\/avatar\/fba0aeebef01cb7dfa36272cdea80534?s=96&d=mm&r=g","caption":"Grupo Micheli"},"sameAs":["http:\/\/gmicheli.com"],"url":"https:\/\/gmicheli.com\/index.php\/author\/gmicheli-ariskelvyn\/"}]}},"_links":{"self":[{"href":"https:\/\/gmicheli.com\/index.php\/wp-json\/wp\/v2\/posts\/332","targetHints":{"allow":["GET"]}}],"collection":[{"href":"https:\/\/gmicheli.com\/index.php\/wp-json\/wp\/v2\/posts"}],"about":[{"href":"https:\/\/gmicheli.com\/index.php\/wp-json\/wp\/v2\/types\/post"}],"author":[{"embeddable":true,"href":"https:\/\/gmicheli.com\/index.php\/wp-json\/wp\/v2\/users\/1"}],"replies":[{"embeddable":true,"href":"https:\/\/gmicheli.com\/index.php\/wp-json\/wp\/v2\/comments?post=332"}],"version-history":[{"count":2,"href":"https:\/\/gmicheli.com\/index.php\/wp-json\/wp\/v2\/posts\/332\/revisions"}],"predecessor-version":[{"id":335,"href":"https:\/\/gmicheli.com\/index.php\/wp-json\/wp\/v2\/posts\/332\/revisions\/335"}],"wp:featuredmedia":[{"embeddable":true,"href":"https:\/\/gmicheli.com\/index.php\/wp-json\/wp\/v2\/media\/334"}],"wp:attachment":[{"href":"https:\/\/gmicheli.com\/index.php\/wp-json\/wp\/v2\/media?parent=332"}],"wp:term":[{"taxonomy":"category","embeddable":true,"href":"https:\/\/gmicheli.com\/index.php\/wp-json\/wp\/v2\/categories?post=332"},{"taxonomy":"post_tag","embeddable":true,"href":"https:\/\/gmicheli.com\/index.php\/wp-json\/wp\/v2\/tags?post=332"}],"curies":[{"name":"wp","href":"https:\/\/api.w.org\/{rel}","templated":true}]}}